{"id":165,"date":"2025-01-21T12:29:32","date_gmt":"2025-01-21T17:29:32","guid":{"rendered":"https:\/\/www.bago.com.pe\/blog-cultura\/?p=165"},"modified":"2025-01-24T11:37:54","modified_gmt":"2025-01-24T16:37:54","slug":"alafal-nombra-a-lucero-vergara-gerenta-general-de-laboratorios-bago-del-peru-como-su-nueva-presidenta","status":"publish","type":"post","link":"https:\/\/www.bago.com.pe\/blog-cultura\/noticias\/alafal-nombra-a-lucero-vergara-gerenta-general-de-laboratorios-bago-del-peru-como-su-nueva-presidenta\/","title":{"rendered":"ALAFAL nombra a Lucero Vergara, Gerenta General de Laboratorios Bag\u00f3 del Per\u00fa, como su nueva Presidenta"},"content":{"rendered":"<p>Nuestra Gerenta General, Lucero Vergara Persivale, ha sido nombrada Presidenta de la Asociaci\u00f3n de Laboratorios Farmac\u00e9uticos en Latinoam\u00e9rica (ALAFAL) para el per\u00edodo de 2025-2026. Lucero liderar\u00e1 una b\u00fasqueda activa que contribuya al acceso equitativo a medicamentos y al fortalecimiento de la atenci\u00f3n primaria de salud. Estos objetivos reflejan la misi\u00f3n de la asociaci\u00f3n de fomentar pol\u00edticas p\u00fablicas que integren a todos los actores del sector y permitan responder a las necesidades de la poblaci\u00f3n peruana, en l\u00ednea con nuestro prop\u00f3sito de trascender con calidad, innovaci\u00f3n y excelencia al servicio de la salud.<\/p>\n<p>Tambi\u00e9n conforman la nueva Junta Directiva de ALAFAL, el Country General Manager de Farmakonsuma, Francisco Javier Vega Aguirre, y la Gerenta General de Lukoll, Martha Patricia Mu\u00f1oz del Coral, como Vicepresidente y Directora Tesorera, respectivamente.<\/p>\n<p>Este nombramiento marca un hito hist\u00f3rico, ya que Lucero Vergara se convierte en la primera mujer en liderar la asociaci\u00f3n en sus m\u00e1s de 20 a\u00f1os de trayectoria.<\/p>\n","protected":false},"excerpt":{"rendered":"<p>Nuestra Gerenta General, Lucero Vergara Persivale, ha sido nombrada Presidenta de la Asociaci\u00f3n de Laboratorios Farmac\u00e9uticos en Latinoam\u00e9rica (ALAFAL) para el per\u00edodo&#8230;<\/p>\n","protected":false},"author":2,"featured_media":174,"comment_status":"open","ping_status":"open","sticky":false,"template":"","format":"image","meta":{"inline_featured_image":false,"footnotes":""},"categories":[1],"tags":[48,50,49],"class_list":{"0":"post-165","1":"post","2":"type-post","3":"status-publish","4":"format-image","5":"has-post-thumbnail","7":"category-noticias","8":"tag-alafal","9":"tag-asociacion-de-laboratorios-farmaceuticos-en-latinoamerica","10":"tag-lucero-vergara","11":"post_format-post-format-image"},"_links":{"self":[{"href":"https:\/\/www.bago.com.pe\/blog-cultura\/wp-json\/wp\/v2\/posts\/165","targetHints":{"allow":["GET"]}}],"collection":[{"href":"https:\/\/www.bago.com.pe\/blog-cultura\/wp-json\/wp\/v2\/posts"}],"about":[{"href":"https:\/\/www.bago.com.pe\/blog-cultura\/wp-json\/wp\/v2\/types\/post"}],"author":[{"embeddable":true,"href":"https:\/\/www.bago.com.pe\/blog-cultura\/wp-json\/wp\/v2\/users\/2"}],"replies":[{"embeddable":true,"href":"https:\/\/www.bago.com.pe\/blog-cultura\/wp-json\/wp\/v2\/comments?post=165"}],"version-history":[{"count":1,"href":"https:\/\/www.bago.com.pe\/blog-cultura\/wp-json\/wp\/v2\/posts\/165\/revisions"}],"predecessor-version":[{"id":167,"href":"https:\/\/www.bago.com.pe\/blog-cultura\/wp-json\/wp\/v2\/posts\/165\/revisions\/167"}],"wp:featuredmedia":[{"embeddable":true,"href":"https:\/\/www.bago.com.pe\/blog-cultura\/wp-json\/wp\/v2\/media\/174"}],"wp:attachment":[{"href":"https:\/\/www.bago.com.pe\/blog-cultura\/wp-json\/wp\/v2\/media?parent=165"}],"wp:term":[{"taxonomy":"category","embeddable":true,"href":"https:\/\/www.bago.com.pe\/blog-cultura\/wp-json\/wp\/v2\/categories?post=165"},{"taxonomy":"post_tag","embeddable":true,"href":"https:\/\/www.bago.com.pe\/blog-cultura\/wp-json\/wp\/v2\/tags?post=165"}],"curies":[{"name":"wp","href":"https:\/\/api.w.org\/{rel}","templated":true}]}}