{"id":232,"date":"2025-10-21T11:39:10","date_gmt":"2025-10-21T16:39:10","guid":{"rendered":"https:\/\/www.bago.com.pe\/blog-cultura\/?p=232"},"modified":"2025-10-21T11:39:10","modified_gmt":"2025-10-21T16:39:10","slug":"cuidar-la-salud-mental-cuidar-la-vida","status":"publish","type":"post","link":"https:\/\/www.bago.com.pe\/blog-cultura\/cultura\/cuidar-la-salud-mental-cuidar-la-vida\/","title":{"rendered":"Cuidar la salud mental, cuidar la vida"},"content":{"rendered":"<p>La salud mental es un pilar esencial del bienestar integral. En Bag\u00f3 creemos que cuidar de nuestra mente y nuestras emociones es tan importante como cuidar del cuerpo. Por eso, cada acci\u00f3n que impulsamos tiene un mismo prop\u00f3sito: construir entornos m\u00e1s humanos, saludables y sostenibles, donde cada persona pueda vivir con equilibrio y plenitud.<\/p>\n<h3><strong>Bienestar integral: una mirada humana al trabajo<\/strong><\/h3>\n<p>Nuestro compromiso con la salud mental comienza desde adentro. Entendemos que el bienestar emocional no se limita a un beneficio, sino que es una pr\u00e1ctica cotidiana. Por eso, ofrecemos <strong>beneficios que promueven el autocuidado y la estabilidad emocional<\/strong>, como los <strong>permisos de salud mental<\/strong>, consultas m\u00e9dicas flexibles y terapias psicol\u00f3gicas con horarios adaptados a las necesidades de cada colaborador\/a.<\/p>\n<p>Durante los \u00faltimos dos a\u00f1os, hemos otorgado<strong> m\u00e1s de 700 horas en respuesta a m\u00e1s de 350 solicitudes<\/strong>, reafirmando nuestro compromiso con la salud y calidad de vida de nuestro equipo.<\/p>\n<p>Adem\u00e1s, brindamos licencias especiales para acompa\u00f1ar tratamientos m\u00e9dicos complejos, procesos de duelo o situaciones familiares dif\u00edciles. Tambi\u00e9n consideramos a las <strong>mascotas como parte de la familia<\/strong>, ofreciendo permisos por enfermedad o fallecimiento, porque entendemos que el bienestar emocional est\u00e1 vinculado a los lazos afectivos que nos sostienen.<\/p>\n<h3><strong>Bag\u00f3 Plus Salud: bienestar al alcance de todos\/as<\/strong><\/h3>\n<p>Uno de los beneficios m\u00e1s valorados por nuestra Familia Bag\u00f3 es <strong>Bag\u00f3 Plus Salud<\/strong>, una plataforma digital que brinda <strong>atenci\u00f3n m\u00e9dica a demanda, soporte psicol\u00f3gico, asesor\u00eda nutricional, fitness virtual y educaci\u00f3n financiera<\/strong>, disponible para colaboradores\/as y sus seres queridos, en cualquier momento y desde cualquier lugar.<\/p>\n<p>De esta manera, reafirmamos que la salud mental no se atiende solo en momentos de crisis, sino que se cultiva cada d\u00eda con prevenci\u00f3n, acompa\u00f1amiento y herramientas accesibles.<\/p>\n<h3><strong>Programas que promueven equilibrio y felicidad<\/strong><\/h3>\n<p>Creemos que la conexi\u00f3n y la alegr\u00eda tambi\u00e9n forman parte del bienestar. Por eso impulsamos <strong>activaciones de integraci\u00f3n<\/strong> donde el juego, la creatividad y la risa se convierten en espacios de descanso emocional.<\/p>\n<p>Asimismo, con el <strong>Programa \u201cViva el Esp\u00edritu\u201d<\/strong> promovemos talleres de risoterapia y nutrici\u00f3n que equilibran cuerpo y mente, ayudando a reducir el estr\u00e9s y fortalecer el sentido de comunidad.<\/p>\n<h3><strong>Seguridad f\u00edsica y psicol\u00f3gica: espacios donde todas las voces cuentan<\/strong><\/h3>\n<p>Nuestra gesti\u00f3n de <strong>Seguridad y Salud en el Trabajo<\/strong> integra el cuidado emocional con la prevenci\u00f3n f\u00edsica. Implementamos evaluaciones ergon\u00f3micas, encuestas psicosociales y talleres de salud mental que permiten identificar riesgos y actuar a tiempo.<\/p>\n<p>A trav\u00e9s del programa <strong>\u201cCon Tod@s y Para Tod@s\u201d<\/strong>, fomentamos la diversidad, equidad e inclusi\u00f3n, creando ambientes de respeto y confianza, libres de violencia o discriminaci\u00f3n.<\/p>\n<h3><strong>Cuidar a las familias tambi\u00e9n es cuidar la salud mental<\/strong><\/h3>\n<p>El bienestar no termina al salir del trabajo. Por eso, extendemos nuestros beneficios a los seres queridos de nuestro equipo humano. Este a\u00f1o, ampliamos el acceso gratuito al <strong>Campus Bag\u00f3<\/strong> y a <strong>Bag\u00f3 Plus Salud<\/strong>, fortaleciendo la salud emocional, f\u00edsica y educativa de toda la familia.<\/p>\n<h3><strong>Educaci\u00f3n y salud mental para la comunidad<\/strong><\/h3>\n<p>Nuestro compromiso trasciende nuestras oficinas. A trav\u00e9s de nuestras plataformas digitales, <strong>m\u00e1s de 7 millones de personas<\/strong> han accedido a contenidos gratuitos sobre bienestar f\u00edsico, emocional y mental. Con el acompa\u00f1amiento de especialistas en neurolog\u00eda, psiquiatr\u00eda y psicolog\u00eda, acercamos informaci\u00f3n confiable y pr\u00e1ctica para promover la prevenci\u00f3n y el autocuidado.<\/p>\n<p>Cada octubre, impulsamos campa\u00f1as de sensibilizaci\u00f3n, prevenci\u00f3n y tratamiento junto a expertos en l\u00edneas neurol\u00f3gicas y psiqui\u00e1tricas, poniendo la <strong>salud mental<\/strong> en el centro de la conversaci\u00f3n p\u00fablica. Realizamos charlas presenciales y virtuales de la mano de especialistas, a fin de recordar la importancia de cuidar la mente, especialmente en el adulto mayor, como un acto de dignidad y plenitud en cada etapa de la vida.<\/p>\n<h3><strong>Compromiso con la comunidad m\u00e9dica<\/strong><\/h3>\n<p>Sabemos que los profesionales de la salud tambi\u00e9n necesitan apoyo y actualizaci\u00f3n constante para acompa\u00f1ar mejor a sus pacientes. Por eso, desarrollamos espacios de actualizaci\u00f3n con destacados psiquiatras, fortaleciendo el acompa\u00f1amiento cl\u00ednico y humano desde la consulta m\u00e9dica.<\/p>\n<h3><strong>Una cultura que pone a las personas en el centro<\/strong><\/h3>\n<p>Hablar de salud mental es hablar de respeto, empat\u00eda y humanidad. Cada permiso, programa o campa\u00f1a refleja una convicci\u00f3n profunda: <strong>cuando cuidamos de las personas, todos\/as crecemos<\/strong>.<\/p>\n<p>Seguiremos trabajando para fortalecer una cultura donde el bienestar sea una realidad compartida dentro y fuera de la organizaci\u00f3n, porque creemos firmemente que <strong>cuidar la salud mental es cuidar la vida<\/strong>.<\/p>\n<p>&nbsp;<\/p>\n","protected":false},"excerpt":{"rendered":"<p>La salud mental es un pilar esencial del bienestar integral. En Bag\u00f3 creemos que cuidar de nuestra mente y nuestras emociones es&#8230;<\/p>\n","protected":false},"author":2,"featured_media":233,"comment_status":"open","ping_status":"open","sticky":false,"template":"","format":"standard","meta":{"inline_featured_image":false,"footnotes":""},"categories":[22,19,20,73],"tags":[60,79,78],"class_list":{"0":"post-232","1":"post","2":"type-post","3":"status-publish","4":"format-standard","5":"has-post-thumbnail","7":"category-cultura","8":"category-equidad","9":"category-integracion","10":"category-sostenibilidad","11":"tag-bienestar-integral","12":"tag-cultura-de-bienestar","13":"tag-salud-mental"},"_links":{"self":[{"href":"https:\/\/www.bago.com.pe\/blog-cultura\/wp-json\/wp\/v2\/posts\/232","targetHints":{"allow":["GET"]}}],"collection":[{"href":"https:\/\/www.bago.com.pe\/blog-cultura\/wp-json\/wp\/v2\/posts"}],"about":[{"href":"https:\/\/www.bago.com.pe\/blog-cultura\/wp-json\/wp\/v2\/types\/post"}],"author":[{"embeddable":true,"href":"https:\/\/www.bago.com.pe\/blog-cultura\/wp-json\/wp\/v2\/users\/2"}],"replies":[{"embeddable":true,"href":"https:\/\/www.bago.com.pe\/blog-cultura\/wp-json\/wp\/v2\/comments?post=232"}],"version-history":[{"count":1,"href":"https:\/\/www.bago.com.pe\/blog-cultura\/wp-json\/wp\/v2\/posts\/232\/revisions"}],"predecessor-version":[{"id":234,"href":"https:\/\/www.bago.com.pe\/blog-cultura\/wp-json\/wp\/v2\/posts\/232\/revisions\/234"}],"wp:featuredmedia":[{"embeddable":true,"href":"https:\/\/www.bago.com.pe\/blog-cultura\/wp-json\/wp\/v2\/media\/233"}],"wp:attachment":[{"href":"https:\/\/www.bago.com.pe\/blog-cultura\/wp-json\/wp\/v2\/media?parent=232"}],"wp:term":[{"taxonomy":"category","embeddable":true,"href":"https:\/\/www.bago.com.pe\/blog-cultura\/wp-json\/wp\/v2\/categories?post=232"},{"taxonomy":"post_tag","embeddable":true,"href":"https:\/\/www.bago.com.pe\/blog-cultura\/wp-json\/wp\/v2\/tags?post=232"}],"curies":[{"name":"wp","href":"https:\/\/api.w.org\/{rel}","templated":true}]}}