{"id":242,"date":"2024-09-27T15:04:54","date_gmt":"2024-09-27T20:04:54","guid":{"rendered":"https:\/\/www.bago.com.pe\/blog-cultura\/?p=242"},"modified":"2025-12-02T15:39:58","modified_gmt":"2025-12-02T20:39:58","slug":"liderazgo-inclusivo-22-congreso-peruano-de-gestion-de-personas-2024","status":"publish","type":"post","link":"https:\/\/www.bago.com.pe\/blog-cultura\/cultura\/liderazgo-inclusivo-22-congreso-peruano-de-gestion-de-personas-2024\/","title":{"rendered":"Liderazgo inclusivo: 22\u00b0 Congreso Peruano de Gesti\u00f3n de Personas 2024"},"content":{"rendered":"<p data-start=\"102\" data-end=\"655\">Participamos del <strong data-start=\"174\" data-end=\"221\">22\u00b0 Congreso Peruano de Gesti\u00f3n de Personas<\/strong>, un espacio que re\u00fane a referentes del sector para compartir buenas pr\u00e1cticas y tendencias que est\u00e1n transformando la gesti\u00f3n humana en la regi\u00f3n. En esta edici\u00f3n, nuestra Gerenta General, <strong data-start=\"411\" data-end=\"439\">Lucero Vergara Persivale<\/strong>, present\u00f3 la ponencia <em data-start=\"462\" data-end=\"544\">\u201cCon Tod@s y Para Tod@s: Transformando Beneficios en Oportunidades de Inclusi\u00f3n\u201d<\/em>, un mensaje que refuerza nuestro prop\u00f3sito corporativo y nuestra visi\u00f3n de liderazgo centrado en las personas.<\/p>\n<h3 data-start=\"657\" data-end=\"727\">Escucha activa: el punto de partida para un liderazgo m\u00e1s humano<\/h3>\n<p data-start=\"728\" data-end=\"1175\">Durante su participaci\u00f3n, destac\u00f3 la importancia de la <strong data-start=\"786\" data-end=\"804\">escucha activa<\/strong> como un habilitador estrat\u00e9gico para fortalecer culturas organizacionales m\u00e1s emp\u00e1ticas, colaborativas y humanas. Entendemos que construir un entorno laboral s\u00f3lido exige <strong data-start=\"976\" data-end=\"1062\">comprender profundamente las necesidades de nuestras colaboradoras y colaboradores<\/strong>, para luego traducir esas expectativas en beneficios realmente significativos y ajustados a diversas realidades.<\/p>\n<p data-start=\"1177\" data-end=\"1493\">Asimismo, reafirm\u00f3 que <strong data-start=\"1193\" data-end=\"1213\">no basta con o\u00edr<\/strong>; es indispensable comprender y actuar con coherencia. Tal como expres\u00f3 en la ponencia, <em data-start=\"1304\" data-end=\"1362\">\u201cla verdadera escucha se realiza con todos los sentidos\u201d<\/em>. Este enfoque impulsa un estilo de liderazgo basado en la confianza, la gratitud y la consistencia entre lo que decimos y hacemos.<\/p>\n<h3 data-start=\"1495\" data-end=\"1562\">\u201cCon Tod@s y Para Tod@s\u201d: nuestro compromiso con la inclusi\u00f3n<\/h3>\n<p data-start=\"1563\" data-end=\"1985\">Tambi\u00e9n comparti\u00f3 las principales acciones de nuestro programa <strong data-start=\"1592\" data-end=\"1620\">\u201cCon Tod@s y Para Tod@s\u201d<\/strong>, a trav\u00e9s del cual promovemos iniciativas que fortalecen la diversidad, la equidad y la inclusi\u00f3n dentro de la organizaci\u00f3n. Nuestro objetivo es claro: <strong data-start=\"1764\" data-end=\"1874\">construir un entorno en el que cada persona se sienta reconocida, respetada y valorada por su singularidad<\/strong>. Sabemos que el talento florece cuando encuentra espacios seguros, aut\u00e9nticos y alineados con sus necesidades.<\/p>\n<p data-start=\"1987\" data-end=\"2267\">Este programa refleja nuestra convicci\u00f3n de que los beneficios no solo deben sostener el bienestar, sino tambi\u00e9n <strong data-start=\"2100\" data-end=\"2166\">convertirse en oportunidades reales para impulsar la inclusi\u00f3n<\/strong> y acompa\u00f1ar la diversidad de historias, desaf\u00edos y expectativas que conforman nuestro equipo humano.<\/p>\n<h3 data-start=\"2269\" data-end=\"2321\">Un espacio para dialogar y construir comunidad<\/h3>\n<p data-start=\"2322\" data-end=\"2702\">El evento, organizado por <strong data-start=\"2348\" data-end=\"2367\">Seminarium Per\u00fa<\/strong> en alianza con la <strong data-start=\"2386\" data-end=\"2428\">Asociaci\u00f3n de Buenos Empleadores (ABE)<\/strong> de AmCham Per\u00fa, reuni\u00f3 a l\u00edderes y especialistas en gesti\u00f3n humana de todo el pa\u00eds. Fue un espacio enriquecedor para compartir experiencias, validar aprendizajes y seguir impulsando pr\u00e1cticas innovadoras que generan impacto positivo en las personas y en las organizaciones.<\/p>\n<p data-start=\"2704\" data-end=\"2931\" data-is-last-node=\"\" data-is-only-node=\"\">En Laboratorios Bag\u00f3 del Per\u00fa seguimos reafirmando nuestro compromiso con un liderazgo inclusivo y transformador, que pone a las personas en el centro y que consolida una cultura basada en el respeto, la escucha y la inclusi\u00f3n.<\/p>\n<p data-start=\"2704\" data-end=\"2931\" data-is-last-node=\"\" data-is-only-node=\"\"><img loading=\"lazy\" decoding=\"async\" class=\"wp-image-244 aligncenter\" src=\"https:\/\/www.bago.com.pe\/blog-cultura\/wp-content\/uploads\/2025\/12\/570A9569-300x200.jpg\" alt=\"\" width=\"824\" height=\"549\" srcset=\"https:\/\/www.bago.com.pe\/blog-cultura\/wp-content\/uploads\/2025\/12\/570A9569-300x200.jpg 300w, https:\/\/www.bago.com.pe\/blog-cultura\/wp-content\/uploads\/2025\/12\/570A9569-1024x683.jpg 1024w, https:\/\/www.bago.com.pe\/blog-cultura\/wp-content\/uploads\/2025\/12\/570A9569-768x512.jpg 768w, https:\/\/www.bago.com.pe\/blog-cultura\/wp-content\/uploads\/2025\/12\/570A9569-1536x1024.jpg 1536w, https:\/\/www.bago.com.pe\/blog-cultura\/wp-content\/uploads\/2025\/12\/570A9569-2048x1365.jpg 2048w, https:\/\/www.bago.com.pe\/blog-cultura\/wp-content\/uploads\/2025\/12\/570A9569-360x240.jpg 360w\" sizes=\"auto, (max-width: 824px) 100vw, 824px\" \/><\/p>\n","protected":false},"excerpt":{"rendered":"<p>Participamos del 22\u00b0 Congreso Peruano de Gesti\u00f3n de Personas, un espacio que re\u00fane a referentes del sector para compartir buenas pr\u00e1cticas y&#8230;<\/p>\n","protected":false},"author":2,"featured_media":243,"comment_status":"open","ping_status":"open","sticky":false,"template":"","format":"standard","meta":{"inline_featured_image":false,"footnotes":""},"categories":[22,19,20,1],"tags":[61,83,82,66],"class_list":{"0":"post-242","1":"post","2":"type-post","3":"status-publish","4":"format-standard","5":"has-post-thumbnail","7":"category-cultura","8":"category-equidad","9":"category-integracion","10":"category-noticias","11":"tag-bienestar","12":"tag-dei","13":"tag-gestion-de-personas","14":"tag-inclusion"},"_links":{"self":[{"href":"https:\/\/www.bago.com.pe\/blog-cultura\/wp-json\/wp\/v2\/posts\/242","targetHints":{"allow":["GET"]}}],"collection":[{"href":"https:\/\/www.bago.com.pe\/blog-cultura\/wp-json\/wp\/v2\/posts"}],"about":[{"href":"https:\/\/www.bago.com.pe\/blog-cultura\/wp-json\/wp\/v2\/types\/post"}],"author":[{"embeddable":true,"href":"https:\/\/www.bago.com.pe\/blog-cultura\/wp-json\/wp\/v2\/users\/2"}],"replies":[{"embeddable":true,"href":"https:\/\/www.bago.com.pe\/blog-cultura\/wp-json\/wp\/v2\/comments?post=242"}],"version-history":[{"count":2,"href":"https:\/\/www.bago.com.pe\/blog-cultura\/wp-json\/wp\/v2\/posts\/242\/revisions"}],"predecessor-version":[{"id":252,"href":"https:\/\/www.bago.com.pe\/blog-cultura\/wp-json\/wp\/v2\/posts\/242\/revisions\/252"}],"wp:featuredmedia":[{"embeddable":true,"href":"https:\/\/www.bago.com.pe\/blog-cultura\/wp-json\/wp\/v2\/media\/243"}],"wp:attachment":[{"href":"https:\/\/www.bago.com.pe\/blog-cultura\/wp-json\/wp\/v2\/media?parent=242"}],"wp:term":[{"taxonomy":"category","embeddable":true,"href":"https:\/\/www.bago.com.pe\/blog-cultura\/wp-json\/wp\/v2\/categories?post=242"},{"taxonomy":"post_tag","embeddable":true,"href":"https:\/\/www.bago.com.pe\/blog-cultura\/wp-json\/wp\/v2\/tags?post=242"}],"curies":[{"name":"wp","href":"https:\/\/api.w.org\/{rel}","templated":true}]}}