{"id":108,"date":"2023-02-10T11:43:37","date_gmt":"2023-02-10T16:43:37","guid":{"rendered":"https:\/\/www.bago.com.pe\/blog\/?p=108"},"modified":"2023-04-28T13:23:08","modified_gmt":"2023-04-28T18:23:08","slug":"hipertrofia-de-adenoides-en-la-infancia","status":"publish","type":"post","link":"https:\/\/www.bago.com.pe\/blog\/infantil\/hipertrofia-de-adenoides-en-la-infancia\/","title":{"rendered":"\u00bfSab\u00edas que la hipertrofia de adenoides es frecuente durante la infancia?"},"content":{"rendered":"<p>Esta es una patolog\u00eda propia de la infancia y se define como el crecimiento anormal de las adenoides, la cual est\u00e1 localizada en la parte superior de la faringe. En el presente art\u00edculo te mostraremos los s\u00edntomas, principales problemas y posibles tratamientos.<\/p>\n<div class=\"embed-container\"><iframe loading=\"lazy\" title=\"LA HIPERTROFIA DE ADENOIDES PUEDE CAUSAR PROBLEMAS DE RESPIRACI\u00d3N EN L@S NI\u00d1@S MIENTRAS DUERMEN\" width=\"1140\" height=\"641\" src=\"https:\/\/www.youtube.com\/embed\/1k20rC-Nrw4?feature=oembed\" frameborder=\"0\" allow=\"accelerometer; autoplay; clipboard-write; encrypted-media; gyroscope; picture-in-picture; web-share\" allowfullscreen><\/iframe><\/div>\n<p><strong>S\u00edntomas de la hipertrofia de adenoides<\/strong><\/p>\n<p>El papel de los adenoides es de contribuir al desarrollo de las defensas y de la inmunidad junto con las am\u00edgdalas. Ante un caso de hipertrofia de adenoides se presentan los siguientes s\u00edntomas:<\/p>\n<p><strong>Ronquidos durante la noche y mala calidad en el sue\u00f1o: <\/strong>No es normal el ronquido durante la infancia y por lo general es un signo de una enfermedad por descubrir.<\/p>\n<p><strong>Respiraci\u00f3n Bucal: <\/strong>Es decir, respirar con la boca abierta, lo cual puede originar mal aliento, incremento de caries y en algunos casos dificultad fon\u00e9tica.<\/p>\n<p><strong>Mucosidad continua: <\/strong>Existe un moqueo persistente, experimentando incluso una voz nasal, entre otros s\u00edntomas.<\/p>\n<p><strong>Problemas que ocasiona la hipertrofia de adenoides<\/strong><\/p>\n<p>Causa problemas en la respiraci\u00f3n durante el sue\u00f1o. Estas alteraciones en la respiraci\u00f3n pueden ocasionar retraso en el crecimiento, as\u00ed como tambi\u00e9n micci\u00f3n involuntaria nocturna, hiperactividad, mal desempe\u00f1o escolar y disminuci\u00f3n en la calidad de vida del\/la ni\u00f1@. Asimismo, pueden favorecer el desarrollo de otitis y de problemas de audici\u00f3n.<\/p>\n<p><strong>El tratamiento de la hipertrofia de adenoides<\/strong><\/p>\n<p>El tratamiento se define en funci\u00f3n al grado de crecimiento de las adenoides. Los grados m\u00e1s leves se tratan con corticoides inhalados. Los grados de crecimiento m\u00e1s severos requieren cirug\u00eda. En casos particulares en donde las adenoides no tienen un crecimiento marcado, pero repercuten en la ventilaci\u00f3n y el drenaje de los o\u00eddos y ocasionan alteraciones en estos, como por ejemplo dificultades en la audici\u00f3n tambi\u00e9n deber\u00e1n ser tratadas con cirug\u00eda.<\/p>\n<p>Esperamos que la informaci\u00f3n haya sido \u00fatil. No dudes en consultar a un profesional si tienes alguna preocupaci\u00f3n o si presentas algunos s\u00edntomas. Es importante prestar atenci\u00f3n a nuestro cuerpo y cuidarlo adecuadamente para mantener una buena salud a largo plazo.<\/p>\n<p>\u00bfEst\u00e1s buscando productos de venta libre o con receta m\u00e9dica para alg\u00fan tratamiento? \u00a1Bag\u00f3, compa\u00f1\u00eda farmac\u00e9utica de vanguardia, tiene todo lo que necesitas! Para obtener m\u00e1s informaci\u00f3n sobre nosotros o nuestros productos, no dudes en contactarnos.<\/p>\n<p>Fuente: Dra. Glenda Quintanilla, Otorrinolaring\u00f3loga \u2013 CMP: 37771<\/p>\n<p>&nbsp;<\/p>\n","protected":false},"excerpt":{"rendered":"<p>Esta es una patolog\u00eda propia de la infancia y se define como el crecimiento anormal de las adenoides, la cual est\u00e1 localizada&#8230;<\/p>\n","protected":false},"author":1,"featured_media":110,"comment_status":"open","ping_status":"open","sticky":false,"template":"","format":"standard","meta":{"inline_featured_image":false,"footnotes":""},"categories":[3,18,15,20,11],"tags":[],"class_list":{"0":"post-108","1":"post","2":"type-post","3":"status-publish","4":"format-standard","5":"has-post-thumbnail","7":"category-infantil","8":"category-bago","9":"category-noticias","10":"category-otorrinolaringologia","11":"category-otros"},"_links":{"self":[{"href":"https:\/\/www.bago.com.pe\/blog\/wp-json\/wp\/v2\/posts\/108","targetHints":{"allow":["GET"]}}],"collection":[{"href":"https:\/\/www.bago.com.pe\/blog\/wp-json\/wp\/v2\/posts"}],"about":[{"href":"https:\/\/www.bago.com.pe\/blog\/wp-json\/wp\/v2\/types\/post"}],"author":[{"embeddable":true,"href":"https:\/\/www.bago.com.pe\/blog\/wp-json\/wp\/v2\/users\/1"}],"replies":[{"embeddable":true,"href":"https:\/\/www.bago.com.pe\/blog\/wp-json\/wp\/v2\/comments?post=108"}],"version-history":[{"count":3,"href":"https:\/\/www.bago.com.pe\/blog\/wp-json\/wp\/v2\/posts\/108\/revisions"}],"predecessor-version":[{"id":174,"href":"https:\/\/www.bago.com.pe\/blog\/wp-json\/wp\/v2\/posts\/108\/revisions\/174"}],"wp:featuredmedia":[{"embeddable":true,"href":"https:\/\/www.bago.com.pe\/blog\/wp-json\/wp\/v2\/media\/110"}],"wp:attachment":[{"href":"https:\/\/www.bago.com.pe\/blog\/wp-json\/wp\/v2\/media?parent=108"}],"wp:term":[{"taxonomy":"category","embeddable":true,"href":"https:\/\/www.bago.com.pe\/blog\/wp-json\/wp\/v2\/categories?post=108"},{"taxonomy":"post_tag","embeddable":true,"href":"https:\/\/www.bago.com.pe\/blog\/wp-json\/wp\/v2\/tags?post=108"}],"curies":[{"name":"wp","href":"https:\/\/api.w.org\/{rel}","templated":true}]}}