{"id":72,"date":"2023-01-12T11:49:56","date_gmt":"2023-01-12T16:49:56","guid":{"rendered":"https:\/\/www.bago.com.pe\/blog\/?p=72"},"modified":"2023-05-19T13:22:50","modified_gmt":"2023-05-19T18:22:50","slug":"la-depresion-en-el-adulto-mayor","status":"publish","type":"post","link":"https:\/\/www.bago.com.pe\/blog\/neuropsiquiatria\/la-depresion-en-el-adulto-mayor\/","title":{"rendered":"La depresi\u00f3n en el adulto mayor suele pasar desapercibida"},"content":{"rendered":"<p><span style=\"font-weight: 400;\">Con frecuencia, la depresi\u00f3n en personas mayores de 60 a\u00f1os no se reconoce ni se trata o, peor a\u00fan, no se trata adecuadamente. En el siguiente art\u00edculo te mostramos las causas de depresi\u00f3n en adultos mayores y lo que puedes hacer para ayudarlos.<\/span><\/p>\n<p><iframe loading=\"lazy\" title=\"YouTube video player\" src=\"https:\/\/www.youtube.com\/embed\/-CdMFPwakcI\" width=\"560\" height=\"315\" frameborder=\"0\" allowfullscreen=\"allowfullscreen\"><\/iframe><\/p>\n<p><b>Sus s\u00edntomas son menos evidentes<\/b><\/p>\n<p><span style=\"font-weight: 400;\">Las personas en este rango de edad son menos propensas a reconocer que tienen sentimientos de tristeza o pena. Por lo general, se manifiestan irritables y ansiosos y presentan s\u00edntomas f\u00edsicos.<\/span><\/p>\n<p><span style=\"font-weight: 400;\">Aunque reciban un tratamiento, se quejan de dolores de cabeza o trastornos digestivos y se preocupan mucho por su salud f\u00edsica. Como consecuencia, est\u00e1n tristes o pensativos, se a\u00edslan, su humor disminuye y pierden inter\u00e9s en actividades que antes les agradaban.<\/span><\/p>\n<p><span style=\"font-weight: 400;\">Tambi\u00e9n se quejan de deterioro de la memoria, insomnio, dificultad para conciliar o mantener el sue\u00f1o, poco apetito y p\u00e9rdida de peso.<\/span><\/p>\n<p><b>Factores que condicionan la depresi\u00f3n en adultos mayores<\/b><\/p>\n<p><span style=\"font-weight: 400;\">Gen\u00e9tico: Puede tratarse de una depresi\u00f3n personal o familiar.<\/span><\/p>\n<p><span style=\"font-weight: 400;\">Biol\u00f3gico: Asociado a la edad o al envejecimiento. El consumo de anticolin\u00e9rgicos, ansiol\u00edticos, corticoides y otras medicinas tambi\u00e9n estimula la depresi\u00f3n.<\/span><\/p>\n<p><span style=\"font-weight: 400;\">Ambiental o social: Probablemente sus amigos o compa\u00f1eros de la misma edad est\u00e1n enfermos o discapacitados y quiz\u00e1s algunos ya han fallecido.<\/span><\/p>\n<p><span style=\"font-weight: 400;\">Econ\u00f3mico: La mayor\u00eda son jubilados. Quiz\u00e1s su pensi\u00f3n no es suficiente para cubrir sus gastos y dependen de otras personas.<\/span><\/p>\n<p><b>T\u00fa puedes ayudarlos<\/b><\/p>\n<p><span style=\"font-weight: 400;\">Si sospechas que alg\u00fan familiar tiene depresi\u00f3n, la mejor ayuda ser\u00e1 que acuda a un m\u00e9dico que indique su diagn\u00f3stico preciso e inicie un tratamiento.<\/span><\/p>\n<p><span style=\"font-weight: 400;\">De ah\u00ed en adelante, puedes ayudarlo realizando actividades f\u00edsicas, religiosas o sociales en conjunto. Es importante escuchar, tener paciencia y darle apoyo con buen \u00e1nimo.<\/span><\/p>\n<p><span style=\"font-weight: 400;\">Si hablan sobre muerte o suicidio, debes mostrar mucho inter\u00e9s y cuidado e informar de inmediato a su m\u00e9dico tratante o al psicoterapeuta.<\/span><\/p>\n<p><b>Si no se trata, puede generar complicaciones<\/b><\/p>\n<p><span style=\"font-weight: 400;\">La p\u00e9rdida de inter\u00e9s puede generar cuadros obsesivos compulsivos, ansiedad, p\u00e1nico, p\u00e9rdida de memoria, consumo exagerado de f\u00e1rmacos (por ejemplo, de alcohol), cambios de personalidad, aumento del riesgo de suicidio e incluso actos violentos.<\/span><\/p>\n<p><span style=\"font-weight: 400;\">Recuerda que esta informaci\u00f3n tiene un fin educativo y no debe tomarse como consejo m\u00e9dico, diagn\u00f3stico o tratamiento. Esperamos que este art\u00edculo haya sido de tu inter\u00e9s.<\/span><\/p>\n<p><span style=\"font-weight: 400;\">\u00bfBuscas productos de venta libre o te recetaron un tratamiento de alg\u00fan producto de Laboratorios Bag\u00f3? Para obtener m\u00e1s informaci\u00f3n sobre nosotros o nuestros productos, no dudes en contactarnos.<\/span><\/p>\n<p>Fuente: <span style=\"font-weight: 400;\">Dr. Carlos P\u00e9rez &#8211; CMP 4081<\/span><\/p>\n","protected":false},"excerpt":{"rendered":"<p>Con frecuencia, la depresi\u00f3n en personas mayores de 60 a\u00f1os no se reconoce ni se trata o, peor a\u00fan, no se trata&#8230;<\/p>\n","protected":false},"author":1,"featured_media":73,"comment_status":"open","ping_status":"open","sticky":false,"template":"","format":"standard","meta":{"inline_featured_image":false,"footnotes":""},"categories":[9,15,12],"tags":[],"class_list":{"0":"post-72","1":"post","2":"type-post","3":"status-publish","4":"format-standard","5":"has-post-thumbnail","7":"category-neuropsiquiatria","8":"category-noticias","9":"category-salud"},"_links":{"self":[{"href":"https:\/\/www.bago.com.pe\/blog\/wp-json\/wp\/v2\/posts\/72","targetHints":{"allow":["GET"]}}],"collection":[{"href":"https:\/\/www.bago.com.pe\/blog\/wp-json\/wp\/v2\/posts"}],"about":[{"href":"https:\/\/www.bago.com.pe\/blog\/wp-json\/wp\/v2\/types\/post"}],"author":[{"embeddable":true,"href":"https:\/\/www.bago.com.pe\/blog\/wp-json\/wp\/v2\/users\/1"}],"replies":[{"embeddable":true,"href":"https:\/\/www.bago.com.pe\/blog\/wp-json\/wp\/v2\/comments?post=72"}],"version-history":[{"count":4,"href":"https:\/\/www.bago.com.pe\/blog\/wp-json\/wp\/v2\/posts\/72\/revisions"}],"predecessor-version":[{"id":388,"href":"https:\/\/www.bago.com.pe\/blog\/wp-json\/wp\/v2\/posts\/72\/revisions\/388"}],"wp:featuredmedia":[{"embeddable":true,"href":"https:\/\/www.bago.com.pe\/blog\/wp-json\/wp\/v2\/media\/73"}],"wp:attachment":[{"href":"https:\/\/www.bago.com.pe\/blog\/wp-json\/wp\/v2\/media?parent=72"}],"wp:term":[{"taxonomy":"category","embeddable":true,"href":"https:\/\/www.bago.com.pe\/blog\/wp-json\/wp\/v2\/categories?post=72"},{"taxonomy":"post_tag","embeddable":true,"href":"https:\/\/www.bago.com.pe\/blog\/wp-json\/wp\/v2\/tags?post=72"}],"curies":[{"name":"wp","href":"https:\/\/api.w.org\/{rel}","templated":true}]}}